{"id":3736,"date":"2024-06-18T18:32:32","date_gmt":"2024-06-18T18:32:32","guid":{"rendered":"https:\/\/www.mioc.hr\/mmc\/?p=3736"},"modified":"2024-06-18T18:32:32","modified_gmt":"2024-06-18T18:32:32","slug":"retroraj-kino-europa","status":"publish","type":"post","link":"https:\/\/www.mioc.hr\/mmc\/?p=3736","title":{"rendered":"RetroRAJ &#8211; Kino Europa"},"content":{"rendered":"<p><span style=\"font-weight: 400;\">U Zagrebu, za vrijeme Jugoslavije, nije bilo ve\u0107e sre\u0107e od one kada je u kino stigao novi film. Kina su oduvijek predstavljala idili\u010dna mjesta za izlazak u tjednu ili vikendom, dru\u017eenje ali i \u010dvenkove. Barem ako je vjerovati pri\u010dama na\u0161ih starih. Red za ulaznice \u010desto je bio predug, ali uvijek je negdje isko\u010dio tapkaro\u0161 \u2013 preprodava\u010d kino ulaznica.\u00a0<\/span><\/p>\n<p><span style=\"font-weight: 400;\">Zbog sve ve\u0107e popularnosti moderne tehnologije i multipleksa, mnoga su starozagreba\u010dka kina bila prisiljena staviti klju\u010d u bravu. Tako su primjerice svoje posljednje projekcije prikazala kina <\/span><i><span style=\"font-weight: 400;\">Triglav<\/span><\/i><span style=\"font-weight: 400;\">, <\/span><i><span style=\"font-weight: 400;\">Mosor<\/span><\/i><span style=\"font-weight: 400;\">, <\/span><i><span style=\"font-weight: 400;\">Zagreb <\/span><\/i><span style=\"font-weight: 400;\">i <\/span><i><span style=\"font-weight: 400;\">Jadran<\/span><\/i><span style=\"font-weight: 400;\">, ali i mnoga druga. Ovom valu zatvaranja dugo se odupiralo kino <\/span><i><span style=\"font-weight: 400;\">Europa<\/span><\/i><span style=\"font-weight: 400;\">.\u00a0<\/span><\/p>\n<p><span style=\"font-weight: 400;\">Smje\u0161teno gotovo na samom Cvjetnom trgu, 8. travnja 1925. otvoreno je tada\u0161nje najmodernije kino <\/span><i><span style=\"font-weight: 400;\">Balkan-Palace<\/span><\/i><span style=\"font-weight: 400;\">. Zgradu kino-kazali\u0161ta u Var\u0161avskoj 3 sagra\u0111enu prema nacrtu arhitekta Sre\u0107ka Florsh\u00fctza otvorila je bogata zagreba\u010dka obitelj M\u00fcller, u \u017eelji osnutka najljep\u0161ega, najva\u017enijega i najmodernijega kina na ovim prostorima. Kino je otvoreno projekcijom doma\u0107eg filma <\/span><i><span style=\"font-weight: 400;\">Dalmacija, zemlja sunca<\/span><\/i><span style=\"font-weight: 400;\"> te filmom Fritza Langa <\/span><i><span style=\"font-weight: 400;\">Nibelunzi<\/span><\/i><span style=\"font-weight: 400;\">. Dvorana je sadr\u017eavala 1100 sjedala, a za projekcije se redovno tra\u017eila i karta vi\u0161e. Prema navodima u dnevnim novinama, bila je to \u201ejedina sala takve vrste na Balkanu\u201d, s dvoranom \u010dija je akustika bila prikladna i za filharmonijske koncerte. 50-ih je godina pro\u0161log stolje\u0107a kino djelomi\u010dno rekonstruirano te je definiran njegov dana\u0161nji izgled. Tijekom godina vi\u0161e je puta mijenjalo ime iz <\/span><i><span style=\"font-weight: 400;\">Balkan-Palace<\/span><\/i><span style=\"font-weight: 400;\"> u <\/span><i><span style=\"font-weight: 400;\">Balkan <\/span><\/i><span style=\"font-weight: 400;\">(i obratno) te je kona\u010dno, po\u010detkom devedesetih godina, preimenovano u <\/span><i><span style=\"font-weight: 400;\">Europa<\/span><\/i><span style=\"font-weight: 400;\">.\u00a0<\/span><\/p>\n<p><span style=\"font-weight: 400;\">Grad Zagreb je u listopadu 2007. otkupio kino <\/span><i><span style=\"font-weight: 400;\">Europa <\/span><\/i><span style=\"font-weight: 400;\">sa svom njegovom opremom nakon uspje\u0161ne akcije <\/span><i><span style=\"font-weight: 400;\">Zagreb Film Festivala<\/span><\/i><span style=\"font-weight: 400;\"> i <\/span><i><span style=\"font-weight: 400;\">Hrvatskog filmskog saveza<\/span><\/i><span style=\"font-weight: 400;\">: <\/span><i><span style=\"font-weight: 400;\">Daj mi kino!<\/span><\/i><span style=\"font-weight: 400;\">.\u00a0 Po\u010detkom 2008. upravljanje kinom povjereno je umjetni\u010dkoj organizaciji <\/span><i><span style=\"font-weight: 400;\">Zagreb Film Festival<\/span><\/i><span style=\"font-weight: 400;\"> u nadi da \u0107e kino postati regionalni centar filma i filmske umjetnosti. Kino je svoje posljednje dane odbrojilo 2019. godine naprasnom i neobja\u0161njenom odlukom gradske vlasti. Dobiv\u0161i obavijest o napu\u0161tanju prostora u roku od dva tjedna, radnici kina odlu\u010dno su vrata zatvorili ve\u0107 isti dan. Organizirani su i mali prosvjedi te su svi gra\u0111ani bili pozvani napisati lijepa sje\u0107anja na komadi\u0107 papira i zalijepiti ih na zgradu kina.\u00a0<\/span><\/p>\n<p><span style=\"font-weight: 400;\">U gotovo sto godina postojanja, kino <\/span><i><span style=\"font-weight: 400;\">Europa pro\u017eivjelo<\/span><\/i><span style=\"font-weight: 400;\"> je sve. Od njegova je otvaranja do danas filmski svijet iza sebe ostavio nevjerojatan put od nijemoga filma do digitalne revolucije.<\/span><\/p>\n<p>&nbsp;<\/p>\n<p><span style=\"font-weight: 400;\">Tekst: Dino Brki\u0107, 3. c<\/span><\/p>\n<p>Naslovna fotografija: <a href=\"https:\/\/www.europeanbestdestinations.com\/croatia-travel-guide\/kino-europa-cafe\/\">https:\/\/www.europeanbestdestinations.com\/croatia-travel-guide\/kino-europa-cafe\/<\/a><\/p>\n","protected":false},"excerpt":{"rendered":"<p>U Zagrebu, za vrijeme Jugoslavije, nije bilo ve\u0107e sre\u0107e od one kada je u kino stigao novi film. Kina su oduvijek predstavljala idili\u010dna mjesta za izlazak u tjednu ili vikendom, dru\u017eenje ali i \u010dvenkove. Barem ako je vjerovati pri\u010dama na\u0161ih starih. Red za ulaznice \u010desto je bio predug, ali uvijek je negdje isko\u010dio tapkaro\u0161 \u2013 preprodava\u010d kino ulaznica.\u00a0 Zbog sve ve\u0107e popularnosti moderne tehnologije i multipleksa, mnoga su starozagreba\u010dka kina bila prisiljena staviti klju\u010d u bravu. Tako su primjerice svoje [&hellip;]<\/p>\n","protected":false},"author":4,"featured_media":3738,"comment_status":"closed","ping_status":"open","sticky":false,"template":"","format":"standard","meta":{"_acf_changed":false,"footnotes":""},"categories":[33],"tags":[],"acf":[],"_links":{"self":[{"href":"https:\/\/www.mioc.hr\/mmc\/index.php?rest_route=\/wp\/v2\/posts\/3736"}],"collection":[{"href":"https:\/\/www.mioc.hr\/mmc\/index.php?rest_route=\/wp\/v2\/posts"}],"about":[{"href":"https:\/\/www.mioc.hr\/mmc\/index.php?rest_route=\/wp\/v2\/types\/post"}],"author":[{"embeddable":true,"href":"https:\/\/www.mioc.hr\/mmc\/index.php?rest_route=\/wp\/v2\/users\/4"}],"replies":[{"embeddable":true,"href":"https:\/\/www.mioc.hr\/mmc\/index.php?rest_route=%2Fwp%2Fv2%2Fcomments&post=3736"}],"version-history":[{"count":1,"href":"https:\/\/www.mioc.hr\/mmc\/index.php?rest_route=\/wp\/v2\/posts\/3736\/revisions"}],"predecessor-version":[{"id":3739,"href":"https:\/\/www.mioc.hr\/mmc\/index.php?rest_route=\/wp\/v2\/posts\/3736\/revisions\/3739"}],"wp:featuredmedia":[{"embeddable":true,"href":"https:\/\/www.mioc.hr\/mmc\/index.php?rest_route=\/wp\/v2\/media\/3738"}],"wp:attachment":[{"href":"https:\/\/www.mioc.hr\/mmc\/index.php?rest_route=%2Fwp%2Fv2%2Fmedia&parent=3736"}],"wp:term":[{"taxonomy":"category","embeddable":true,"href":"https:\/\/www.mioc.hr\/mmc\/index.php?rest_route=%2Fwp%2Fv2%2Fcategories&post=3736"},{"taxonomy":"post_tag","embeddable":true,"href":"https:\/\/www.mioc.hr\/mmc\/index.php?rest_route=%2Fwp%2Fv2%2Ftags&post=3736"}],"curies":[{"name":"wp","href":"https:\/\/api.w.org\/{rel}","templated":true}]}}