{"id":3732,"date":"2024-06-18T18:24:01","date_gmt":"2024-06-18T18:24:01","guid":{"rendered":"https:\/\/www.mioc.hr\/mmc\/?p=3732"},"modified":"2024-06-18T18:24:38","modified_gmt":"2024-06-18T18:24:38","slug":"nama","status":"publish","type":"post","link":"https:\/\/www.mioc.hr\/mmc\/?p=3732","title":{"rendered":"Nama"},"content":{"rendered":"<p><span style=\"font-weight: 400;\">\u201eIdem u Namu\u201c, uzre\u010dica je koja \u0107e u srcima Zagrep\u010dana zauvijek ostati duboko urezana. Podrazumijevala je, dakako, odlazak u tada najbolju i najmoderniju modnu ku\u0107u, Namu u Ilici. \u201eNarodni Magazin\u201c, kako glasi puno ime, danas je samo <\/span><i><span style=\"font-weight: 400;\">ostatak ostataka <\/span><\/i><span style=\"font-weight: 400;\">nekada najve\u0107e modne ku\u0107e u Jugoslaviji.<\/span><\/p>\n<p><span style=\"font-weight: 400;\">Njezini po\u010detci se\u017eu na kraj 19. stolje\u0107a kada iz Be\u010da u Zagreb sti\u017ee velika trgova\u010dka ku\u0107a \u201eKastner i Ohler\u201c. Osniva\u010di Carl Kastner i Herman Ohler uskoro otvaraju i trgovine u Mesni\u010dkoj, pa u Ilici 16 te kona\u010dno trgovinu u Ilici 4 koja je i danas sinonim za tradiciju zagreba\u010dke trgovine. U vrijeme Drugog svjetskog rata ponuda na policama \u201eKastner i \u00d6hler\u201c zna\u010dajno se smanjila. Novouspostavljen re\u017eim Nezavisne Dr\u017eave Hrvatske razvlastio je Franju \u00d6hlera kao suvlasnika trgova\u010dke ku\u0107e, a njegovi nasljednici Kastner i Grgi\u0107 ubrzo ostaju bez svega.<\/span><\/p>\n<p><span style=\"font-weight: 400;\">Kraj rata dao je novi poticaj za osnivanjem trgova\u010dke ku\u0107e. Trgovinska radna organizacija \u201eNarodni magazin\u201c, osnovana nakon rata, otvara robnu ku\u0107u u Ilici u prosincu 1945. godine. U samom po\u010detku broji 17 podru\u017enica i \u010dak devet robnih ku\u0107a, a do po\u010detka 80-ih pro\u0161irena je na jo\u0161 \u010detiri. Nama je kora\u010dala stazom uspjeha. Pred Naminim su se izlozima u pedesetim godinama, kada gotovo nitko nije imao televizor, gledale prve emisije Radiotelevizije Zagreb. Nudila je proizvode o kojima tada nitko nije ni razmi\u0161ljao pa su tako na policama Name uskoro zasjale boce francuskih \u0161ampanjaca, ali i ruski kavijar. Nama se time pretvara u vode\u0107i trgova\u010dki lanac na ovim prostorima.<\/span><\/p>\n<p><span style=\"font-weight: 400;\">Godine Domovinskog rata i sumnjive privatizacije zadale su prejak udarac Naminu poslovanju \u0161to je rezultiralo masovnim zatvaranjem poslovnica i otpu\u0161tanjem radnika. 2000. godine Nama je proglasila ste\u010daj i slu\u017ebeno tonula sve dublje. Otvorenima su ostale jedino poslovnice u Ilici i na Kvatri\u0107u, no one nisu mogle pokriti sva dugovanja. Ste\u010dajni postupak traje 24 godine, a bit \u0107e zavr\u0161en prodajom obiju zgrada do kraja 2024. godine.<\/span><\/p>\n<p><span style=\"font-weight: 400;\">Stara se dama jo\u0161 uvijek dr\u017ei pokazuju\u0107i Zagrep\u010danima kako i dalje posjeduje be\u010dki \u0161arm kojemu mnogi i danas ne mogu odoljeti. Zatvaranjem ove robne ku\u0107e Zagreb \u0107e zauvijek izgubiti djeli\u0107 povijesne kulture i ono jedno poznato, nostalgi\u010dno mjesto u kojemu je vrijeme stalo.<\/span><\/p>\n<p>&nbsp;<\/p>\n<p><span style=\"font-weight: 400;\">Tekst: Dino Brki\u0107, 3.C<\/span><\/p>\n<p>Naslovna fotografija: <a href=\"https:\/\/unsplash.com\/@eldarnazarov?utm_content=creditCopyText&amp;utm_medium=referral&amp;utm_source=unsplash\">Eldar Nazarov<\/a> na <a href=\"https:\/\/unsplash.com\/photos\/blue-and-white-tram-on-road-near-building-during-daytime-8ixSLOKYg4A?utm_content=creditCopyText&amp;utm_medium=referral&amp;utm_source=unsplash\">Unsplash<\/a><\/p>\n","protected":false},"excerpt":{"rendered":"<p>\u201eIdem u Namu\u201c, uzre\u010dica je koja \u0107e u srcima Zagrep\u010dana zauvijek ostati duboko urezana. Podrazumijevala je, dakako, odlazak u tada najbolju i najmoderniju modnu ku\u0107u, Namu u Ilici. \u201eNarodni Magazin\u201c, kako glasi puno ime, danas je samo ostatak ostataka nekada najve\u0107e modne ku\u0107e u Jugoslaviji. Njezini po\u010detci se\u017eu na kraj 19. stolje\u0107a kada iz Be\u010da u Zagreb sti\u017ee velika trgova\u010dka ku\u0107a \u201eKastner i Ohler\u201c. Osniva\u010di Carl Kastner i Herman Ohler uskoro otvaraju i trgovine u Mesni\u010dkoj, pa u Ilici 16 [&hellip;]<\/p>\n","protected":false},"author":4,"featured_media":3733,"comment_status":"closed","ping_status":"open","sticky":false,"template":"","format":"standard","meta":{"_acf_changed":false,"footnotes":""},"categories":[33],"tags":[],"acf":[],"_links":{"self":[{"href":"https:\/\/www.mioc.hr\/mmc\/index.php?rest_route=\/wp\/v2\/posts\/3732"}],"collection":[{"href":"https:\/\/www.mioc.hr\/mmc\/index.php?rest_route=\/wp\/v2\/posts"}],"about":[{"href":"https:\/\/www.mioc.hr\/mmc\/index.php?rest_route=\/wp\/v2\/types\/post"}],"author":[{"embeddable":true,"href":"https:\/\/www.mioc.hr\/mmc\/index.php?rest_route=\/wp\/v2\/users\/4"}],"replies":[{"embeddable":true,"href":"https:\/\/www.mioc.hr\/mmc\/index.php?rest_route=%2Fwp%2Fv2%2Fcomments&post=3732"}],"version-history":[{"count":2,"href":"https:\/\/www.mioc.hr\/mmc\/index.php?rest_route=\/wp\/v2\/posts\/3732\/revisions"}],"predecessor-version":[{"id":3735,"href":"https:\/\/www.mioc.hr\/mmc\/index.php?rest_route=\/wp\/v2\/posts\/3732\/revisions\/3735"}],"wp:featuredmedia":[{"embeddable":true,"href":"https:\/\/www.mioc.hr\/mmc\/index.php?rest_route=\/wp\/v2\/media\/3733"}],"wp:attachment":[{"href":"https:\/\/www.mioc.hr\/mmc\/index.php?rest_route=%2Fwp%2Fv2%2Fmedia&parent=3732"}],"wp:term":[{"taxonomy":"category","embeddable":true,"href":"https:\/\/www.mioc.hr\/mmc\/index.php?rest_route=%2Fwp%2Fv2%2Fcategories&post=3732"},{"taxonomy":"post_tag","embeddable":true,"href":"https:\/\/www.mioc.hr\/mmc\/index.php?rest_route=%2Fwp%2Fv2%2Ftags&post=3732"}],"curies":[{"name":"wp","href":"https:\/\/api.w.org\/{rel}","templated":true}]}}