{"id":3621,"date":"2024-06-18T17:32:08","date_gmt":"2024-06-18T17:32:08","guid":{"rendered":"https:\/\/www.mioc.hr\/mmc\/?p=3621"},"modified":"2024-06-18T17:32:08","modified_gmt":"2024-06-18T17:32:08","slug":"2-58","status":"publish","type":"post","link":"https:\/\/www.mioc.hr\/mmc\/?p=3621","title":{"rendered":"Koliko su istiniti stereotipi o MIOC-u?"},"content":{"rendered":"<p><span style=\"font-weight: 400;\">Op\u0107e je poznato da je XV. gimnazija, poznatija kao MIOC, jedna od \u0161kola s najuspje\u0161nijim u\u010denicima koja privla\u010di pozornost mnogih budu\u0107ih srednjo\u0161kolaca zbog presti\u017ea i dobrog glasa koji je prati. Ali isto tako, poznata je i po mnogim stereotipima koji o njoj kru\u017ee ve\u0107 godinama, a mi smo se zapitali koliko su ti stereotipi zapravo istiniti. Razgovarali smo s nekoliko u\u010denika iz svake generacije koji u ovom trenutku poha\u0111aju \u0161kolu kako bismo saznali kakva su njihova iskustva kad je rije\u010d o tim stereotipima i saznali vi\u0161e o njihovoj istinitosti.<\/span><\/p>\n<p><span style=\"font-weight: 400;\">Prvo pitanje koje smo postavili u\u010denicima bilo je je li im MIOC bio prvi izbor pri upisivanju u srednju \u0161kolu. Odgovori koje smo dobili bili su vrlo raznoliki \u0161to upu\u0107uje na to da postoji mnogo \u010dimbenika koji utje\u010du na tu odluku. Neki od tih su udaljenost \u0161kole od ku\u0107e te dostupnost javnog prijevoza, zabrinutost u vezi s pronala\u017eenjem dru\u0161tva i nedoumice je li ova \u0161kola najbolja, odnosno je li u skladu s njihovim interesima i ambicijama. Ve\u0107ina intervjuiranih u\u010denika izjavila je da im je MIOC bio prvi izbor. Ipak, neki su izjavili da su im u obzir dolazile i neke druge \u0161kole, poput VI. i V. gimnazije, ali su se na kraju ipak odlu\u010dili za MIOC.<\/span><\/p>\n<p><span style=\"font-weight: 400;\">Kad smo pre\u0161li na temu stereotipa koji se mogu \u010duti o MIOC-u, gotovo svi u\u010denici potvrdili su da su se susreli s njima prije upisivanja te smo mogli zaklju\u010diti da se svi uglavnom sla\u017eu s time koji su to stereotipi. Uvijek se smatralo da su apsolutno svi <\/span><i><span style=\"font-weight: 400;\">Mio\u010dani<\/span><\/i><span style=\"font-weight: 400;\"> natjecatelji iz Matematike, Fizike i Informatike, da nemaju nikakav dru\u0161tveni \u017eivot te da svaki trenutak slobodnog vremena provode rje\u0161avaju\u0107i zadatke i pi\u0161u\u0107i programerske kodove. Zbog takvih predrasuda stvara se vrlo uska slika o MIOC-u, \u0161to poti\u010de strah me\u0111u <\/span><i><span style=\"font-weight: 400;\">osma\u0161ima<\/span><\/i><span style=\"font-weight: 400;\"> koji se pitaju bi li ta \u0161kola za njih bila pogre\u0161an izbor i ho\u0107e li se osje\u0107ati izostavljeno ako im Matematika, Fizika i Informatika nisu prioritet. Tako\u0111er, svima je u interesu prona\u0107i dru\u0161tvo s kojim \u0107e dijeliti ne\u0161to zajedni\u010dko pa predrasuda da su svi nedru\u0161tveni te da nemaju vremena i interesa za izlaske, svakako stvara negativne konotacije vezane za \u0161kolu.<\/span><\/p>\n<p><span style=\"font-weight: 400;\">Kada smo upitali u\u010denike jesu li se pri upisivanju u MIOC ne\u0107kali upravo zbog tih stereotipa, svi ispitanici, osim jednog u\u010denika koji je istaknuo da nije iz Zagreba te da se nije susreo s njima, istaknuli su da jesu. Budu\u0107i da se nisu mogli poistovjetiti s onim \u0161to su \u010duli, bojali su se da se ne\u0107e uklopiti te da MIOC ipak nije \u0161kola za njih, no ve\u0107ina je istaknula da su nakon razgovora s tada\u0161njim<\/span><i><span style=\"font-weight: 400;\"> Mio\u010danima<\/span><\/i><span style=\"font-weight: 400;\">, posebice na doga\u0111anjima kao \u0161to su Otvoreni dan \u0161kole i Dojdi, osma\u0161! saznali da su prava iskustva potpuno suprotna onome \u0161to se pretpostavlja.<\/span><\/p>\n<p><span style=\"font-weight: 400;\">Na kraju ankete klju\u010dno je pitanje bilo smatraju li u\u010denici, koji ve\u0107 neko vrijeme poha\u0111aju \u0161kolu, da su stereotipi doista istiniti te jesu li se osobno susreli s njima. Na temelju svih odgovora mo\u017eemo sa sigurno\u0161\u0107u re\u0107i da stereotipi definitivno nisu istiniti te da se njima stvara la\u017ena slika i generalizacija o <\/span><i><span style=\"font-weight: 400;\">Mio\u010danima<\/span><\/i><span style=\"font-weight: 400;\">. Svi intervjuirani u\u010denici slo\u017eili su se da se u svakoj generaciji dio <\/span><i><span style=\"font-weight: 400;\">Mio\u010dana<\/span><\/i><span style=\"font-weight: 400;\"> mo\u017ee poistovjetiti sa stereotipima, no da su oni tek manjina i da MIOC svakako ne bi trebao biti na glasu kao \u0161kola koju poha\u0111a isklju\u010divo odre\u0111ena skupina ljudi. \u0160kola se odlikuje time \u0161to je poha\u0111aju u\u010denici s vrlo raznolikim interesima, mno\u0161tvom izvannastavnih aktivnosti i fakultativnih predmeta te ambicioznim pristupom koji omogu\u0107ava svakome da se usmjeri na one predmete koji ga najvi\u0161e zanimaju; bili to humanisti\u010dki, kreativni ili STEM predmeti.<\/span><\/p>\n<p><span style=\"font-weight: 400;\">Razgovaraju\u0107i s u\u010denicima saznali smo da su stereotipi o MIOC-u daleko od istine te da stvaraju \u0161tetnu sliku o \u0161koli. U na\u0161oj se \u0161koli ponosimo raznoliko\u0161\u0107u i individualno\u0161\u0107u svakog u\u010denika koji je poha\u0111a te se svakog poti\u010de i motivira da se bavi onime \u0161to ga zanima i ispunjava. \u0160iroki spektar raznih aktivnosti koje MIOC nudi, omogu\u0107ava svakome da se bavi onime \u0161to ga zanima, poput predmeta medijske kulture koji nam pru\u017ea priliku da radimo na projektima poput ovog \u010dlanka. Naravno da se ponosimo velikim brojem u\u010denika koji briljiraju u STEM podru\u010dju po kojem je \u0161kola poznata, no svaki se u\u010denik \u0161kole isti\u010de po nekoj drugoj kvaliteti i posebnosti pa je tako velik broj onih koje zanimaju neki drugi predmeti \u2013 koji su im prioritet, a bez njih MIOC ipak ne bi bio MIOC.<\/span><\/p>\n<p>&nbsp;<\/p>\n<p><span style=\"font-weight: 400;\">Andrea \u0160irola 3.E<\/span><\/p>\n<p>Naslovna fotografija:\u00a0 <a href=\"https:\/\/unsplash.com\/@djmalecki?utm_content=creditCopyText&amp;utm_medium=referral&amp;utm_source=unsplash\">Dawid Ma\u0142ecki<\/a> na <a href=\"https:\/\/unsplash.com\/photos\/brown-wooden-triangle-ruler-fw7lR3ibfpU?utm_content=creditCopyText&amp;utm_medium=referral&amp;utm_source=unsplash\">Unsplash<\/a><\/p>\n","protected":false},"excerpt":{"rendered":"<p>Op\u0107e je poznato da je XV. gimnazija, poznatija kao MIOC, jedna od \u0161kola s najuspje\u0161nijim u\u010denicima koja privla\u010di pozornost mnogih budu\u0107ih srednjo\u0161kolaca zbog presti\u017ea i dobrog glasa koji je prati. Ali isto tako, poznata je i po mnogim stereotipima koji o njoj kru\u017ee ve\u0107 godinama, a mi smo se zapitali koliko su ti stereotipi zapravo istiniti. Razgovarali smo s nekoliko u\u010denika iz svake generacije koji u ovom trenutku poha\u0111aju \u0161kolu kako bismo saznali kakva su njihova iskustva kad je rije\u010d [&hellip;]<\/p>\n","protected":false},"author":4,"featured_media":3632,"comment_status":"closed","ping_status":"open","sticky":false,"template":"","format":"standard","meta":{"_acf_changed":false,"footnotes":""},"categories":[33],"tags":[],"acf":[],"_links":{"self":[{"href":"https:\/\/www.mioc.hr\/mmc\/index.php?rest_route=\/wp\/v2\/posts\/3621"}],"collection":[{"href":"https:\/\/www.mioc.hr\/mmc\/index.php?rest_route=\/wp\/v2\/posts"}],"about":[{"href":"https:\/\/www.mioc.hr\/mmc\/index.php?rest_route=\/wp\/v2\/types\/post"}],"author":[{"embeddable":true,"href":"https:\/\/www.mioc.hr\/mmc\/index.php?rest_route=\/wp\/v2\/users\/4"}],"replies":[{"embeddable":true,"href":"https:\/\/www.mioc.hr\/mmc\/index.php?rest_route=%2Fwp%2Fv2%2Fcomments&post=3621"}],"version-history":[{"count":4,"href":"https:\/\/www.mioc.hr\/mmc\/index.php?rest_route=\/wp\/v2\/posts\/3621\/revisions"}],"predecessor-version":[{"id":3679,"href":"https:\/\/www.mioc.hr\/mmc\/index.php?rest_route=\/wp\/v2\/posts\/3621\/revisions\/3679"}],"wp:featuredmedia":[{"embeddable":true,"href":"https:\/\/www.mioc.hr\/mmc\/index.php?rest_route=\/wp\/v2\/media\/3632"}],"wp:attachment":[{"href":"https:\/\/www.mioc.hr\/mmc\/index.php?rest_route=%2Fwp%2Fv2%2Fmedia&parent=3621"}],"wp:term":[{"taxonomy":"category","embeddable":true,"href":"https:\/\/www.mioc.hr\/mmc\/index.php?rest_route=%2Fwp%2Fv2%2Fcategories&post=3621"},{"taxonomy":"post_tag","embeddable":true,"href":"https:\/\/www.mioc.hr\/mmc\/index.php?rest_route=%2Fwp%2Fv2%2Ftags&post=3621"}],"curies":[{"name":"wp","href":"https:\/\/api.w.org\/{rel}","templated":true}]}}