{"id":3593,"date":"2024-06-19T10:29:50","date_gmt":"2024-06-19T10:29:50","guid":{"rendered":"https:\/\/www.mioc.hr\/mmc\/?p=3593"},"modified":"2024-06-19T10:29:50","modified_gmt":"2024-06-19T10:29:50","slug":"2-59","status":"publish","type":"post","link":"https:\/\/www.mioc.hr\/mmc\/?p=3593","title":{"rendered":"Erasmus+ projekt STEPS"},"content":{"rendered":"<p><span style=\"font-weight: 400;\">U\u010denici XV. gimnazije i ove su \u0161kolske godine sudjelovali u projektnim aktivnostima Erasmus+ projekta <\/span><i><span style=\"font-weight: 400;\">STEPS<\/span><\/i><span style=\"font-weight: 400;\">. U trima projektnim tjednima izvan granica Republike Hrvatske te jednom u Hrvatskoj, dvadesetak je u\u010denika dobilo priliku iskusiti sve \u010dari ovoga projekta. Osim u\u010denika, projektnim tjednima prisustvovale su i profesorice na\u0161e \u0161kole.<\/span><\/p>\n<p><span style=\"font-weight: 400;\">Godinu smo zapo\u010deli radno. Od 23. rujna do 1. listopada boravili smo u Neus\u00e4\u00dfu, njema\u010dkom gradi\u0107u u blizini Augsburga, gdje su nas ugostili u\u010denici \u0161kole <\/span><i><span style=\"font-weight: 400;\">Justus-von-Liebig-Gymnasium<\/span><\/i><span style=\"font-weight: 400;\">. Tijekom projektnog tjedna posjetili smo gradove Regensburg i N\u00fcrnberg te sudjelovali na zanimljivim radionicama iz podru\u010dja biofizike, kemije i biologije.<\/span><\/p>\n<p><span style=\"font-weight: 400;\">Studeni je sa sobom donio jo\u0161 jednu razmjenu iskustava, jo\u0161 jedan projektni tjedan. Ovaj put doma\u0107in je bila zemlja \u010dija povijest pamti Drakuline korake, Rumunjska. Zajedno s u\u010denicima \u0161kole <\/span><i><span style=\"font-weight: 400;\">Moise Nicoar\u0103<\/span><\/i><span style=\"font-weight: 400;\"> te na\u0161im prijateljima iz Njema\u010dke, posjetili smo Bukure\u0161t i Arad. Terme <\/span><i><span style=\"font-weight: 400;\">Bukure\u0161t<\/span><\/i><span style=\"font-weight: 400;\">, Muzej znanosti, Rumunjski parlament te Nacionalni park <\/span><i><span style=\"font-weight: 400;\">Mure\u0219 <\/span><\/i><span style=\"font-weight: 400;\">samo su neka od mjesta koja su obogatila na\u0161e iskustvo u ovom projektnom tjednu.\u00a0<\/span><\/p>\n<p><span style=\"font-weight: 400;\">Tre\u0107i projektni tjedan, od 10. do 17. o\u017eujka, otputovali smo u \u0160panjolsku. U projektnom su tjednu\u00a0 sudjelovali u\u010denici na\u0161e \u0161kole te u\u010denici \u0161kole koja je organizirala aktivnosti, <\/span><i><span style=\"font-weight: 400;\">Institut Escola Pi Del Burgar<\/span><\/i><span style=\"font-weight: 400;\">. Osim grada Reusa, u kojemu smo odsjeli, posjetili smo Barcelonu, Taragonu, Salou te na povratku Amsterdam. Imali smo priliku upoznati se sa \u0161panjolskom kulturom, razgledati znamenitosti poput <\/span><i><span style=\"font-weight: 400;\">Case Navas<\/span><\/i><span style=\"font-weight: 400;\"> i Gaudijeva centra te stvoriti nova prijateljstva.<\/span><\/p>\n<p><span style=\"font-weight: 400;\">Na samome kraju, do\u0161ao je red i na nas da budemo doma\u0107ini. U posjet su nam do\u0161li u\u010denici iz Njema\u010dke i Italije. Ove smo godine kao glavnu temu istaknuli problem postojanja invazivnih vrsta u Hrvatskoj i Europi. Na Prvi\u0107u smo \u010distili vatrogasne puteve, na FER-u odslu\u0161ali predavanja o energiji, a igrali smo i dru\u0161tvene igre koje su izradili na\u0161i u\u010denici. Kraj tjedna nije ozna\u010dio samo odlazak na\u0161ih gostiju, koje nakon dviju godina poznanstva mo\u017eemo nazvati i prijateljima, ve\u0107 i zavr\u0161etak ovog projekta. U videu pogledajte kako je izgledao zadnji projektni tjedan u Zagrebu.<\/span><\/p>\n<p>&nbsp;<\/p>\n<p>Tekst: Dino Brki\u0107, 3.C<br \/>\nVideo: Nadia Tomljanovi\u0107, 2.A i Noela Bazianec, 3.B<\/p>\n<p>&nbsp;<\/p>\n<p>&nbsp;<\/p>\n<p style=\"text-align: center;\"><iframe loading=\"lazy\" title=\"YouTube video player\" src=\"https:\/\/www.youtube.com\/embed\/1_fI0Lsl40M?si=ymZPre-trNXzs_or\" width=\"560\" height=\"315\" frameborder=\"0\" allowfullscreen=\"allowfullscreen\"><\/iframe><\/p>\n","protected":false},"excerpt":{"rendered":"<p>U\u010denici XV. gimnazije i ove su \u0161kolske godine sudjelovali u projektnim aktivnostima Erasmus+ projekta STEPS. U trima projektnim tjednima izvan granica Republike Hrvatske te jednom u Hrvatskoj, dvadesetak je u\u010denika dobilo priliku iskusiti sve \u010dari ovoga projekta. Osim u\u010denika, projektnim tjednima prisustvovale su i profesorice na\u0161e \u0161kole. Godinu smo zapo\u010deli radno. Od 23. rujna do 1. listopada boravili smo u Neus\u00e4\u00dfu, njema\u010dkom gradi\u0107u u blizini Augsburga, gdje su nas ugostili u\u010denici \u0161kole Justus-von-Liebig-Gymnasium. Tijekom projektnog tjedna posjetili smo gradove Regensburg [&hellip;]<\/p>\n","protected":false},"author":4,"featured_media":3594,"comment_status":"closed","ping_status":"open","sticky":false,"template":"","format":"standard","meta":{"_acf_changed":false,"footnotes":""},"categories":[33],"tags":[],"acf":[],"_links":{"self":[{"href":"https:\/\/www.mioc.hr\/mmc\/index.php?rest_route=\/wp\/v2\/posts\/3593"}],"collection":[{"href":"https:\/\/www.mioc.hr\/mmc\/index.php?rest_route=\/wp\/v2\/posts"}],"about":[{"href":"https:\/\/www.mioc.hr\/mmc\/index.php?rest_route=\/wp\/v2\/types\/post"}],"author":[{"embeddable":true,"href":"https:\/\/www.mioc.hr\/mmc\/index.php?rest_route=\/wp\/v2\/users\/4"}],"replies":[{"embeddable":true,"href":"https:\/\/www.mioc.hr\/mmc\/index.php?rest_route=%2Fwp%2Fv2%2Fcomments&post=3593"}],"version-history":[{"count":2,"href":"https:\/\/www.mioc.hr\/mmc\/index.php?rest_route=\/wp\/v2\/posts\/3593\/revisions"}],"predecessor-version":[{"id":3596,"href":"https:\/\/www.mioc.hr\/mmc\/index.php?rest_route=\/wp\/v2\/posts\/3593\/revisions\/3596"}],"wp:featuredmedia":[{"embeddable":true,"href":"https:\/\/www.mioc.hr\/mmc\/index.php?rest_route=\/wp\/v2\/media\/3594"}],"wp:attachment":[{"href":"https:\/\/www.mioc.hr\/mmc\/index.php?rest_route=%2Fwp%2Fv2%2Fmedia&parent=3593"}],"wp:term":[{"taxonomy":"category","embeddable":true,"href":"https:\/\/www.mioc.hr\/mmc\/index.php?rest_route=%2Fwp%2Fv2%2Fcategories&post=3593"},{"taxonomy":"post_tag","embeddable":true,"href":"https:\/\/www.mioc.hr\/mmc\/index.php?rest_route=%2Fwp%2Fv2%2Ftags&post=3593"}],"curies":[{"name":"wp","href":"https:\/\/api.w.org\/{rel}","templated":true}]}}